{"id":1073,"date":"2024-04-03T15:57:47","date_gmt":"2024-04-03T15:57:47","guid":{"rendered":"https:\/\/www.theblueway-consulting.com\/fr\/blog\/?p=1073"},"modified":"2024-04-04T16:39:58","modified_gmt":"2024-04-04T16:39:58","slug":"verdissement-des-flottes-automobiles-etat-des-lieux-mars-2024","status":"publish","type":"post","link":"https:\/\/www.theblueway-consulting.com\/fr\/blog\/verdissement-des-flottes-automobiles-etat-des-lieux-mars-2024\/","title":{"rendered":"Verdissement des flottes automobiles : \u00e9tat des lieux Mars 2024"},"content":{"rendered":"\n<h2 class=\"wp-block-heading\">Verdissement des flottes d&rsquo;entreprises : les entreprises sont \u00e0 la tra\u00eene.<\/h2>\n\n\n\n<p>Le verdissement des flottes automobiles en entreprise \u00e9volue historiquement \u00e0 un rythme significativement plus lent que le march\u00e9 des particuliers. <\/p>\n\n\n\n<p>Nous avons recoup\u00e9 plusieurs sources de donn\u00e9es pour faire \u00e9merger ce graphique :<\/p>\n\n\n\n<figure class=\"wp-block-image size-full\"><img loading=\"lazy\" decoding=\"async\" width=\"960\" height=\"720\" src=\"https:\/\/www.theblueway-consulting.com\/fr\/blog\/wp-content\/themes\/maktub\/assets\/images\/transparent.gif\" data-lazy=\"true\" data-src=\"https:\/\/www.theblueway-consulting.com\/fr\/blog\/wp-content\/uploads\/2024\/04\/SuiviMarcheVE-202403.jpg\" alt=\"\" class=\"wp-image-1074\" data-srcset=\"https:\/\/www.theblueway-consulting.com\/fr\/blog\/wp-content\/uploads\/2024\/04\/SuiviMarcheVE-202403.jpg 960w, https:\/\/www.theblueway-consulting.com\/fr\/blog\/wp-content\/uploads\/2024\/04\/SuiviMarcheVE-202403-300x225.jpg 300w, https:\/\/www.theblueway-consulting.com\/fr\/blog\/wp-content\/uploads\/2024\/04\/SuiviMarcheVE-202403-768x576.jpg 768w\" data-sizes=\"auto, (max-width: 960px) 100vw, 960px\" \/><\/figure>\n\n\n\n<p><br> Ce graphique aboutit \u00e0 un constat clair :<br><br>\ud83d\udd39 La part des v\u00e9hicules 100% \u00e9lectriques dans les immatriculations de v\u00e9hicules neufs en France est largement inf\u00e9rieure chez les entreprises que chez les particuliers. De fait on constate en parall\u00e8le que de nombreuses n&rsquo;atteignent pas encore les seuils de renouvellement <a href=\"https:\/\/www.theblueway-consulting.com\/fr\/blog\/comprendre-la-loi-lom-pour-les-entreprises-avec-le-renouvellement-des-flottes-avec-des-vehicules-a-faibles-emissions\/\">fix\u00e9s par la LOM<\/a> (Loi d&rsquo;Orientation des Mobilit\u00e9s).<br><br>Mais on constate aussi une autre tendance de fond (droites en pointill\u00e9s) :<br><br>\ud83d\udd39 La part de v\u00e9hicules \u00e9lectriques augmente beaucoup plus vite chez les particuliers que chez les entreprises. Donc cet \u00e9cart s&rsquo;accentue!<br><br>PS: nous publierons ces donn\u00e9es mensuellement \u00e0 partir de maintenant, suivez-nous sur <a href=\"https:\/\/www.linkedin.com\/company\/theblueway\/\">LinkedIn<\/a> ou entrons en contact pour recevoir ces statistiques mensuelles dans votre fil!<br><br>Sources :<br>Minist\u00e8re de la Transition Ecologique et de la Coh\u00e9sion du Territoire (Statinfo)<br>Arval BNP Group(Observatoire du v\u00e9hicule d&rsquo;entreprise)<br>AVERE France (Barom\u00e8tre des immatriculations)<\/p>\n","protected":false},"excerpt":{"rendered":"<p>Verdissement des flottes d&rsquo;entreprises : les entreprises sont \u00e0 la tra\u00eene. Le verdissement des flottes automobiles en entreprise \u00e9volue historiquement \u00e0 un rythme significativement plus&#8230;<\/p>\n","protected":false},"author":1,"featured_media":1076,"comment_status":"open","ping_status":"open","sticky":false,"template":"","format":"standard","meta":{"footnotes":""},"categories":[25,24,20],"tags":[],"class_list":["post-1073","post","type-post","status-publish","format-standard","has-post-thumbnail","hentry","category-gestion-flotte","category-lois-reglementation","category-vehicules-electriques"],"yoast_head":"<!-- This site is optimized with the Yoast SEO plugin v19.9 - https:\/\/yoast.com\/wordpress\/plugins\/seo\/ -->\n<title>Verdissement des flottes automobiles : \u00e9tat des lieux Mars 2024 - Le blog de la mobilit\u00e9 durable en entreprise<\/title>\n<meta name=\"description\" content=\"La part des ventes de v\u00e9hicules \u00e9lectriques aux entreprises restent nettement inf\u00e9rieure aux particuliers - \u00e9tat des lieux Mars 2024\" \/>\n<meta name=\"robots\" content=\"index, follow, max-snippet:-1, max-image-preview:large, max-video-preview:-1\" \/>\n<link rel=\"canonical\" href=\"https:\/\/www.theblueway-consulting.com\/fr\/blog\/verdissement-des-flottes-automobiles-etat-des-lieux-mars-2024\/\" \/>\n<meta property=\"og:locale\" content=\"fr_FR\" \/>\n<meta property=\"og:type\" content=\"article\" \/>\n<meta property=\"og:title\" content=\"Verdissement des flottes automobiles : \u00e9tat des lieux Mars 2024 - Le blog de la mobilit\u00e9 durable en entreprise\" \/>\n<meta property=\"og:description\" content=\"La part des ventes de v\u00e9hicules \u00e9lectriques aux entreprises restent nettement inf\u00e9rieure aux particuliers - \u00e9tat des lieux Mars 2024\" \/>\n<meta property=\"og:url\" content=\"https:\/\/www.theblueway-consulting.com\/fr\/blog\/verdissement-des-flottes-automobiles-etat-des-lieux-mars-2024\/\" \/>\n<meta property=\"og:site_name\" content=\"Le blog de la mobilit\u00e9 durable en entreprise\" \/>\n<meta property=\"article:published_time\" content=\"2024-04-03T15:57:47+00:00\" \/>\n<meta property=\"article:modified_time\" content=\"2024-04-04T16:39:58+00:00\" \/>\n<meta property=\"og:image\" content=\"https:\/\/www.theblueway-consulting.com\/fr\/blog\/wp-content\/uploads\/2024\/04\/iStock-1273985910-scaled.jpg\" \/>\n\t<meta property=\"og:image:width\" content=\"2560\" \/>\n\t<meta property=\"og:image:height\" content=\"1707\" \/>\n\t<meta property=\"og:image:type\" content=\"image\/jpeg\" \/>\n<meta name=\"author\" content=\"Arnaud\/S\u00e9bastien\" \/>\n<meta name=\"twitter:card\" content=\"summary_large_image\" \/>\n<meta name=\"twitter:label1\" content=\"\u00c9crit par\" \/>\n\t<meta name=\"twitter:data1\" content=\"Arnaud\/S\u00e9bastien\" \/>\n\t<meta name=\"twitter:label2\" content=\"Dur\u00e9e de lecture estim\u00e9e\" \/>\n\t<meta name=\"twitter:data2\" content=\"1 minute\" \/>\n<script type=\"application\/ld+json\" class=\"yoast-schema-graph\">{\"@context\":\"https:\/\/schema.org\",\"@graph\":[{\"@type\":\"WebPage\",\"@id\":\"https:\/\/www.theblueway-consulting.com\/fr\/blog\/verdissement-des-flottes-automobiles-etat-des-lieux-mars-2024\/\",\"url\":\"https:\/\/www.theblueway-consulting.com\/fr\/blog\/verdissement-des-flottes-automobiles-etat-des-lieux-mars-2024\/\",\"name\":\"Verdissement des flottes automobiles : \u00e9tat des lieux Mars 2024 - Le blog de la mobilit\u00e9 durable en entreprise\",\"isPartOf\":{\"@id\":\"https:\/\/www.theblueway-consulting.com\/fr\/blog\/#website\"},\"datePublished\":\"2024-04-03T15:57:47+00:00\",\"dateModified\":\"2024-04-04T16:39:58+00:00\",\"author\":{\"@id\":\"https:\/\/www.theblueway-consulting.com\/fr\/blog\/#\/schema\/person\/8aa3de2948ea989911df08cde099f6de\"},\"description\":\"La part des ventes de v\u00e9hicules \u00e9lectriques aux entreprises restent nettement inf\u00e9rieure aux particuliers - \u00e9tat des lieux Mars 2024\",\"breadcrumb\":{\"@id\":\"https:\/\/www.theblueway-consulting.com\/fr\/blog\/verdissement-des-flottes-automobiles-etat-des-lieux-mars-2024\/#breadcrumb\"},\"inLanguage\":\"fr-FR\",\"potentialAction\":[{\"@type\":\"ReadAction\",\"target\":[\"https:\/\/www.theblueway-consulting.com\/fr\/blog\/verdissement-des-flottes-automobiles-etat-des-lieux-mars-2024\/\"]}]},{\"@type\":\"BreadcrumbList\",\"@id\":\"https:\/\/www.theblueway-consulting.com\/fr\/blog\/verdissement-des-flottes-automobiles-etat-des-lieux-mars-2024\/#breadcrumb\",\"itemListElement\":[{\"@type\":\"ListItem\",\"position\":1,\"name\":\"Accueil\",\"item\":\"https:\/\/www.theblueway-consulting.com\/fr\/blog\/\"},{\"@type\":\"ListItem\",\"position\":2,\"name\":\"Verdissement des flottes automobiles : \u00e9tat des lieux Mars 2024\"}]},{\"@type\":\"WebSite\",\"@id\":\"https:\/\/www.theblueway-consulting.com\/fr\/blog\/#website\",\"url\":\"https:\/\/www.theblueway-consulting.com\/fr\/blog\/\",\"name\":\"Le blog de la mobilit\u00e9 durable en entreprise\",\"description\":\"\",\"potentialAction\":[{\"@type\":\"SearchAction\",\"target\":{\"@type\":\"EntryPoint\",\"urlTemplate\":\"https:\/\/www.theblueway-consulting.com\/fr\/blog\/?s={search_term_string}\"},\"query-input\":\"required name=search_term_string\"}],\"inLanguage\":\"fr-FR\"},{\"@type\":\"Person\",\"@id\":\"https:\/\/www.theblueway-consulting.com\/fr\/blog\/#\/schema\/person\/8aa3de2948ea989911df08cde099f6de\",\"name\":\"Arnaud\/S\u00e9bastien\",\"image\":{\"@type\":\"ImageObject\",\"inLanguage\":\"fr-FR\",\"@id\":\"https:\/\/www.theblueway-consulting.com\/fr\/blog\/#\/schema\/person\/image\/\",\"url\":\"https:\/\/secure.gravatar.com\/avatar\/a098dd39489ae05196bc7c922bf43bb2b5c94aed5109fb9feab2753cb797dbaa?s=96&d=mm&r=g\",\"contentUrl\":\"https:\/\/secure.gravatar.com\/avatar\/a098dd39489ae05196bc7c922bf43bb2b5c94aed5109fb9feab2753cb797dbaa?s=96&d=mm&r=g\",\"caption\":\"Arnaud\/S\u00e9bastien\"},\"sameAs\":[\"http:\/\/blog.theblueway\"],\"url\":\"https:\/\/www.theblueway-consulting.com\/fr\/blog\/author\/blueadm1n\/\"}]}<\/script>\n<!-- \/ Yoast SEO plugin. -->","yoast_head_json":{"title":"Verdissement des flottes automobiles : \u00e9tat des lieux Mars 2024 - Le blog de la mobilit\u00e9 durable en entreprise","description":"La part des ventes de v\u00e9hicules \u00e9lectriques aux entreprises restent nettement inf\u00e9rieure aux particuliers - \u00e9tat des lieux Mars 2024","robots":{"index":"index","follow":"follow","max-snippet":"max-snippet:-1","max-image-preview":"max-image-preview:large","max-video-preview":"max-video-preview:-1"},"canonical":"https:\/\/www.theblueway-consulting.com\/fr\/blog\/verdissement-des-flottes-automobiles-etat-des-lieux-mars-2024\/","og_locale":"fr_FR","og_type":"article","og_title":"Verdissement des flottes automobiles : \u00e9tat des lieux Mars 2024 - Le blog de la mobilit\u00e9 durable en entreprise","og_description":"La part des ventes de v\u00e9hicules \u00e9lectriques aux entreprises restent nettement inf\u00e9rieure aux particuliers - \u00e9tat des lieux Mars 2024","og_url":"https:\/\/www.theblueway-consulting.com\/fr\/blog\/verdissement-des-flottes-automobiles-etat-des-lieux-mars-2024\/","og_site_name":"Le blog de la mobilit\u00e9 durable en entreprise","article_published_time":"2024-04-03T15:57:47+00:00","article_modified_time":"2024-04-04T16:39:58+00:00","og_image":[{"width":2560,"height":1707,"url":"https:\/\/www.theblueway-consulting.com\/fr\/blog\/wp-content\/uploads\/2024\/04\/iStock-1273985910-scaled.jpg","type":"image\/jpeg"}],"author":"Arnaud\/S\u00e9bastien","twitter_card":"summary_large_image","twitter_misc":{"\u00c9crit par":"Arnaud\/S\u00e9bastien","Dur\u00e9e de lecture estim\u00e9e":"1 minute"},"schema":{"@context":"https:\/\/schema.org","@graph":[{"@type":"WebPage","@id":"https:\/\/www.theblueway-consulting.com\/fr\/blog\/verdissement-des-flottes-automobiles-etat-des-lieux-mars-2024\/","url":"https:\/\/www.theblueway-consulting.com\/fr\/blog\/verdissement-des-flottes-automobiles-etat-des-lieux-mars-2024\/","name":"Verdissement des flottes automobiles : \u00e9tat des lieux Mars 2024 - Le blog de la mobilit\u00e9 durable en entreprise","isPartOf":{"@id":"https:\/\/www.theblueway-consulting.com\/fr\/blog\/#website"},"datePublished":"2024-04-03T15:57:47+00:00","dateModified":"2024-04-04T16:39:58+00:00","author":{"@id":"https:\/\/www.theblueway-consulting.com\/fr\/blog\/#\/schema\/person\/8aa3de2948ea989911df08cde099f6de"},"description":"La part des ventes de v\u00e9hicules \u00e9lectriques aux entreprises restent nettement inf\u00e9rieure aux particuliers - \u00e9tat des lieux Mars 2024","breadcrumb":{"@id":"https:\/\/www.theblueway-consulting.com\/fr\/blog\/verdissement-des-flottes-automobiles-etat-des-lieux-mars-2024\/#breadcrumb"},"inLanguage":"fr-FR","potentialAction":[{"@type":"ReadAction","target":["https:\/\/www.theblueway-consulting.com\/fr\/blog\/verdissement-des-flottes-automobiles-etat-des-lieux-mars-2024\/"]}]},{"@type":"BreadcrumbList","@id":"https:\/\/www.theblueway-consulting.com\/fr\/blog\/verdissement-des-flottes-automobiles-etat-des-lieux-mars-2024\/#breadcrumb","itemListElement":[{"@type":"ListItem","position":1,"name":"Accueil","item":"https:\/\/www.theblueway-consulting.com\/fr\/blog\/"},{"@type":"ListItem","position":2,"name":"Verdissement des flottes automobiles : \u00e9tat des lieux Mars 2024"}]},{"@type":"WebSite","@id":"https:\/\/www.theblueway-consulting.com\/fr\/blog\/#website","url":"https:\/\/www.theblueway-consulting.com\/fr\/blog\/","name":"Le blog de la mobilit\u00e9 durable en entreprise","description":"","potentialAction":[{"@type":"SearchAction","target":{"@type":"EntryPoint","urlTemplate":"https:\/\/www.theblueway-consulting.com\/fr\/blog\/?s={search_term_string}"},"query-input":"required name=search_term_string"}],"inLanguage":"fr-FR"},{"@type":"Person","@id":"https:\/\/www.theblueway-consulting.com\/fr\/blog\/#\/schema\/person\/8aa3de2948ea989911df08cde099f6de","name":"Arnaud\/S\u00e9bastien","image":{"@type":"ImageObject","inLanguage":"fr-FR","@id":"https:\/\/www.theblueway-consulting.com\/fr\/blog\/#\/schema\/person\/image\/","url":"https:\/\/secure.gravatar.com\/avatar\/a098dd39489ae05196bc7c922bf43bb2b5c94aed5109fb9feab2753cb797dbaa?s=96&d=mm&r=g","contentUrl":"https:\/\/secure.gravatar.com\/avatar\/a098dd39489ae05196bc7c922bf43bb2b5c94aed5109fb9feab2753cb797dbaa?s=96&d=mm&r=g","caption":"Arnaud\/S\u00e9bastien"},"sameAs":["http:\/\/blog.theblueway"],"url":"https:\/\/www.theblueway-consulting.com\/fr\/blog\/author\/blueadm1n\/"}]}},"_links":{"self":[{"href":"https:\/\/www.theblueway-consulting.com\/fr\/blog\/wp-json\/wp\/v2\/posts\/1073","targetHints":{"allow":["GET"]}}],"collection":[{"href":"https:\/\/www.theblueway-consulting.com\/fr\/blog\/wp-json\/wp\/v2\/posts"}],"about":[{"href":"https:\/\/www.theblueway-consulting.com\/fr\/blog\/wp-json\/wp\/v2\/types\/post"}],"author":[{"embeddable":true,"href":"https:\/\/www.theblueway-consulting.com\/fr\/blog\/wp-json\/wp\/v2\/users\/1"}],"replies":[{"embeddable":true,"href":"https:\/\/www.theblueway-consulting.com\/fr\/blog\/wp-json\/wp\/v2\/comments?post=1073"}],"version-history":[{"count":3,"href":"https:\/\/www.theblueway-consulting.com\/fr\/blog\/wp-json\/wp\/v2\/posts\/1073\/revisions"}],"predecessor-version":[{"id":1078,"href":"https:\/\/www.theblueway-consulting.com\/fr\/blog\/wp-json\/wp\/v2\/posts\/1073\/revisions\/1078"}],"wp:featuredmedia":[{"embeddable":true,"href":"https:\/\/www.theblueway-consulting.com\/fr\/blog\/wp-json\/wp\/v2\/media\/1076"}],"wp:attachment":[{"href":"https:\/\/www.theblueway-consulting.com\/fr\/blog\/wp-json\/wp\/v2\/media?parent=1073"}],"wp:term":[{"taxonomy":"category","embeddable":true,"href":"https:\/\/www.theblueway-consulting.com\/fr\/blog\/wp-json\/wp\/v2\/categories?post=1073"},{"taxonomy":"post_tag","embeddable":true,"href":"https:\/\/www.theblueway-consulting.com\/fr\/blog\/wp-json\/wp\/v2\/tags?post=1073"}],"curies":[{"name":"wp","href":"https:\/\/api.w.org\/{rel}","templated":true}]}}